{"id":6338,"date":"2019-09-26T13:07:00","date_gmt":"2019-09-26T11:07:00","guid":{"rendered":"https:\/\/oniciv.cd\/?p=6338"},"modified":"2024-04-04T18:08:39","modified_gmt":"2024-04-04T16:08:39","slug":"linscription-au-tableau-de-loniciv-et-la-prestation-de-serment-confirmee-pour-le-5-octobre-2019","status":"publish","type":"post","link":"https:\/\/oniciv.cd\/index.php\/2019\/09\/26\/linscription-au-tableau-de-loniciv-et-la-prestation-de-serment-confirmee-pour-le-5-octobre-2019\/","title":{"rendered":"L\u2019inscription au Tableau de l&rsquo;ONICIV et la prestation de serment confirm\u00e9e pour Le 5 Octobre 2019"},"content":{"rendered":"<p>Dans un communiqu\u00e9 dat\u00e9 du 26 septembre 2019 et dont une copie est parvenue \u00e0 la R\u00e9daction de 7SUR7.CD, le Conseil de l\u2019Ordre National des Ing\u00e9nieurs Civils, (ONICIV), annonce que les inscriptions au tableau de l\u2019ordre se cl\u00f4turent ce samedi 28 septembre.<\/p>\n<p>En outre, l\u2019ONICIV confirme la date du 5 octobre prochain pr\u00e9vue pour la c\u00e9r\u00e9monie de prestation de serment au Salon Congo de Pullman H\u00f4tel.<\/p>\n<p>Pour rappel, l\u2019ONICIV a pour mission de prot\u00e9ger la profession de l\u2019ing\u00e9nieur civil et celle du public. Il vise \u00e0 s\u00e9curiser la population qui est b\u00e9n\u00e9ficiaire de ses services dans diff\u00e9rents secteurs.<\/p>\n<p>(Ci-dessous, le communiqu\u00e9)<\/p>\n<p><img fetchpriority=\"high\" decoding=\"async\" src=\"https:\/\/www.7sur7.cd\/sites\/default\/files\/inline-images\/IMG-20190926-WA0038.jpg\" alt=\"Reza\" width=\"962\" height=\"1362\" data-entity-type=\"file\" data-entity-uuid=\"cecfadb8-b348-41bf-8a87-c7d8cc90401b\" data-src=\"https:\/\/www.7sur7.cd\/sites\/default\/files\/inline-images\/IMG-20190926-WA0038.jpg\" \/><\/p>\n","protected":false},"excerpt":{"rendered":"<p>Dans un communiqu\u00e9 dat\u00e9 du 26 septembre 2019 et dont une copie est parvenue \u00e0 la R\u00e9daction de 7SUR7.CD, le Conseil de l\u2019Ordre National des Ing\u00e9nieurs Civils, (ONICIV), annonce que les inscriptions au tableau de l\u2019ordre se cl\u00f4turent ce samedi 28 septembre. En outre, l\u2019ONICIV confirme la date du 5 octobre prochain pr\u00e9vue pour la [&hellip;]<\/p>\n","protected":false},"author":1,"featured_media":0,"comment_status":"open","ping_status":"open","sticky":false,"template":"","format":"standard","meta":{"_monsterinsights_skip_tracking":false,"_monsterinsights_sitenote_active":false,"_monsterinsights_sitenote_note":"","_monsterinsights_sitenote_category":0,"footnotes":""},"categories":[127],"tags":[],"class_list":["post-6338","post","type-post","status-publish","format-standard","hentry","category-communique"],"aioseo_notices":[],"_links":{"self":[{"href":"https:\/\/oniciv.cd\/index.php\/wp-json\/wp\/v2\/posts\/6338","targetHints":{"allow":["GET"]}}],"collection":[{"href":"https:\/\/oniciv.cd\/index.php\/wp-json\/wp\/v2\/posts"}],"about":[{"href":"https:\/\/oniciv.cd\/index.php\/wp-json\/wp\/v2\/types\/post"}],"author":[{"embeddable":true,"href":"https:\/\/oniciv.cd\/index.php\/wp-json\/wp\/v2\/users\/1"}],"replies":[{"embeddable":true,"href":"https:\/\/oniciv.cd\/index.php\/wp-json\/wp\/v2\/comments?post=6338"}],"version-history":[{"count":4,"href":"https:\/\/oniciv.cd\/index.php\/wp-json\/wp\/v2\/posts\/6338\/revisions"}],"predecessor-version":[{"id":6352,"href":"https:\/\/oniciv.cd\/index.php\/wp-json\/wp\/v2\/posts\/6338\/revisions\/6352"}],"wp:attachment":[{"href":"https:\/\/oniciv.cd\/index.php\/wp-json\/wp\/v2\/media?parent=6338"}],"wp:term":[{"taxonomy":"category","embeddable":true,"href":"https:\/\/oniciv.cd\/index.php\/wp-json\/wp\/v2\/categories?post=6338"},{"taxonomy":"post_tag","embeddable":true,"href":"https:\/\/oniciv.cd\/index.php\/wp-json\/wp\/v2\/tags?post=6338"}],"curies":[{"name":"wp","href":"https:\/\/api.w.org\/{rel}","templated":true}]}}